{"id":1611,"date":"2021-05-11T17:23:09","date_gmt":"2021-05-11T15:23:09","guid":{"rendered":"https:\/\/federec-partenaires.com\/?p=1611"},"modified":"2021-05-11T17:28:08","modified_gmt":"2021-05-11T15:28:08","slug":"cy-clope-chimirec-et-federec-presentent-le-fabuleux-voyage-dun-megot","status":"publish","type":"post","link":"https:\/\/federec-partenaires.com\/index.php\/2021\/05\/11\/cy-clope-chimirec-et-federec-presentent-le-fabuleux-voyage-dun-megot\/","title":{"rendered":"Cy-Clope, Chimirec et FEDEREC pr\u00e9sentent le fabuleux voyage d&rsquo;un m\u00e9got"},"content":{"rendered":"\n<p>Partenaire depuis 2020, Cy-Clope et FEDEREC ont d\u00e9cid\u00e9 de s\u2019associer et de mutualiser leurs comp\u00e9tences pour r\u00e9aliser une vid\u00e9o pr\u00e9sentant le voyage d\u2019un m\u00e9got depuis sa collecte via les cendriers urbains, aussi appel\u00e9s Cy-Clopeurs, jusqu\u2019\u00e0 sa valorisation par le groupe CHIMIREC, adh\u00e9rent de FEDEREC.<\/p>\n\n\n\n<p class=\"has-text-align-center\"><a href=\"https:\/\/federec.com\/FEDEREC\/documents\/CPFEDERECCyClope6412.pdf\">Pour d\u00e9couvrir le communiqu\u00e9 de presse officiel, cliquez-ici.<\/a><\/p>\n\n\n\n<p class=\"has-text-align-center\"><a target=\"_blank\" href=\"https:\/\/www.youtube.com\/watch?v=mdnHp6E9oXA\" rel=\"noreferrer noopener\">La vid\u00e9o est disponible ci-dessous ou via ce lien.<\/a><\/p>\n\n\n\n<figure class=\"wp-block-embed-youtube wp-block-embed is-type-rich is-provider-prise-en-charge-des-contenus-embarques wp-embed-aspect-4-3 wp-has-aspect-ratio\"><div class=\"wp-block-embed__wrapper\">\n<iframe loading=\"lazy\" title=\"Cy-clope : Le voyage d&#039;un m\u00e9got\" width=\"800\" height=\"600\" src=\"https:\/\/www.youtube.com\/embed\/mdnHp6E9oXA?feature=oembed\" frameborder=\"0\" allow=\"accelerometer; autoplay; clipboard-write; encrypted-media; gyroscope; picture-in-picture\" allowfullscreen><\/iframe>\n<\/div><\/figure>\n","protected":false},"excerpt":{"rendered":"<p>Partenaire depuis 2020, Cy-Clope et FEDEREC ont d\u00e9cid\u00e9 de s\u2019associer et de mutualiser leurs comp\u00e9tences pour r\u00e9aliser une vid\u00e9o pr\u00e9sentant le voyage d\u2019un m\u00e9got depuis sa collecte via les cendriers urbains, aussi appel\u00e9s Cy-Clopeurs, jusqu\u2019\u00e0 sa valorisation par le groupe CHIMIREC, adh\u00e9rent de FEDEREC. Pour d\u00e9couvrir le communiqu\u00e9 de presse officiel, cliquez-ici. La vid\u00e9o est [&hellip;]<\/p>\n","protected":false},"author":1,"featured_media":1616,"comment_status":"open","ping_status":"open","sticky":false,"template":"","format":"standard","meta":{"_lmt_disableupdate":"","_lmt_disable":"","footnotes":""},"categories":[1],"tags":[],"class_list":["post-1611","post","type-post","status-publish","format-standard","has-post-thumbnail","hentry","category-non-classe"],"modified_by":"admin3334","_links":{"self":[{"href":"https:\/\/federec-partenaires.com\/index.php\/wp-json\/wp\/v2\/posts\/1611","targetHints":{"allow":["GET"]}}],"collection":[{"href":"https:\/\/federec-partenaires.com\/index.php\/wp-json\/wp\/v2\/posts"}],"about":[{"href":"https:\/\/federec-partenaires.com\/index.php\/wp-json\/wp\/v2\/types\/post"}],"author":[{"embeddable":true,"href":"https:\/\/federec-partenaires.com\/index.php\/wp-json\/wp\/v2\/users\/1"}],"replies":[{"embeddable":true,"href":"https:\/\/federec-partenaires.com\/index.php\/wp-json\/wp\/v2\/comments?post=1611"}],"version-history":[{"count":2,"href":"https:\/\/federec-partenaires.com\/index.php\/wp-json\/wp\/v2\/posts\/1611\/revisions"}],"predecessor-version":[{"id":1614,"href":"https:\/\/federec-partenaires.com\/index.php\/wp-json\/wp\/v2\/posts\/1611\/revisions\/1614"}],"wp:featuredmedia":[{"embeddable":true,"href":"https:\/\/federec-partenaires.com\/index.php\/wp-json\/wp\/v2\/media\/1616"}],"wp:attachment":[{"href":"https:\/\/federec-partenaires.com\/index.php\/wp-json\/wp\/v2\/media?parent=1611"}],"wp:term":[{"taxonomy":"category","embeddable":true,"href":"https:\/\/federec-partenaires.com\/index.php\/wp-json\/wp\/v2\/categories?post=1611"},{"taxonomy":"post_tag","embeddable":true,"href":"https:\/\/federec-partenaires.com\/index.php\/wp-json\/wp\/v2\/tags?post=1611"}],"curies":[{"name":"wp","href":"https:\/\/api.w.org\/{rel}","templated":true}]}}